[{"@context":"https:\/\/schema.org\/","@type":"Article","@id":"https:\/\/www.konsigna.cz\/ochrana-od-lufthansy\/#Article","mainEntityOfPage":"https:\/\/www.konsigna.cz\/ochrana-od-lufthansy\/","headline":"Ochrana od Lufthansy","name":"Ochrana od Lufthansy","description":"Kdy\u017e jsem toto l\u00e9to cestoval s\u00a0Lufthansou, v\u00e1\u017en\u011b jsem chv\u00edlemi nev\u011bd\u011bl, zda se m\u00e1m sm\u00e1t nebo pochybovat o du\u0161evn\u00edm zdrav\u00ed N\u011bmc\u016f. Kte\u0159\u00ed si po\u010d\u00ednali a i nyn\u00ed z\u0159ejm\u011b je\u0161t\u011b st\u00e1le po\u010d\u00ednali tak jaksi\u2026 No prost\u011b jako my je\u0161t\u011b doned\u00e1vna. Akor\u00e1t \u017ee oni ve ve\u0159ejn\u00e9 doprav\u011b a my nav\u00edc t\u0159eba i ve \u0161kolstv\u00ed, obchodech a podobn\u011b. P\u0159i\u0161el...","datePublished":"2022-04-23","dateModified":"2023-05-03","author":{"@type":"Person","@id":"https:\/\/www.konsigna.cz\/author\/#Person","name":"","url":"https:\/\/www.konsigna.cz\/author\/","identifier":1,"image":{"@type":"ImageObject","@id":"https:\/\/secure.gravatar.com\/avatar\/baa231f7e1963b29d6549eb0e137b049d877d4e97c51386f463c7d4fc98329bd?s=96&d=mm&r=g","url":"https:\/\/secure.gravatar.com\/avatar\/baa231f7e1963b29d6549eb0e137b049d877d4e97c51386f463c7d4fc98329bd?s=96&d=mm&r=g","height":96,"width":96}},"publisher":{"@type":"Organization","name":"konsigna.cz","logo":{"@type":"ImageObject","@id":"\/logo.png","url":"\/logo.png","width":600,"height":60}},"image":{"@type":"ImageObject","@id":"https:\/\/www.konsigna.cz\/wp-content\/uploads\/letadlo%20Lufthansy_3.jpg","url":"https:\/\/www.konsigna.cz\/wp-content\/uploads\/letadlo%20Lufthansy_3.jpg","height":0,"width":0},"url":"https:\/\/www.konsigna.cz\/ochrana-od-lufthansy\/","about":["Cestov\u00e1n\u00ed"],"wordCount":450,"articleBody":"Kdy\u017e jsem toto l\u00e9to cestoval s\u00a0Lufthansou, v\u00e1\u017en\u011b jsem chv\u00edlemi nev\u011bd\u011bl, zda se m\u00e1m sm\u00e1t nebo pochybovat o du\u0161evn\u00edm zdrav\u00ed N\u011bmc\u016f. Kte\u0159\u00ed si po\u010d\u00ednali a i nyn\u00ed z\u0159ejm\u011b je\u0161t\u011b st\u00e1le po\u010d\u00ednali tak jaksi\u2026 No prost\u011b jako my je\u0161t\u011b doned\u00e1vna. Akor\u00e1t \u017ee oni ve ve\u0159ejn\u00e9 doprav\u011b a my nav\u00edc t\u0159eba i ve \u0161kolstv\u00ed, obchodech a podobn\u011b.P\u0159i\u0161el sem prost\u011b na leti\u0161t\u011b v\u00a0Praze. V\u00a0p\u0159edstihu, jak n\u00e1m bylo letos d\u016frazn\u011b doporu\u010deno a jak u\u010dinili i ostatn\u00ed mn\u011b podobn\u00ed. \u010cekali jsme tam na sv\u00e9 letadlo Lufthansy, \u010dekali a \u010dekali. Proto\u017ee v\u00a0dob\u011b, kdy m\u011blo odl\u00e9tat, pr\u00fd je\u0161t\u011b ani neodstartovalo z\u00a0N\u011bmecka. A tak jsme se tam v\u0161ichni hezky t\u00edsnili a prskali. V\u011bt\u0161inou vzteky, ale kdo v\u00ed.Pak jsme kone\u010dn\u011b mohli do letadla. Jen jsme si u vstupu museli v\u0161ichni nasadit rou\u0161ku nebo respir\u00e1tor. Abychom byli b\u011bhem letu chr\u00e1n\u011bni p\u0159ed koronavirem. U\u010dinili jsme tak a v\u0161ichni ochr\u00e1n\u011bni dolet\u011bli do Frankfurtu. Tedy skoro ochr\u00e1n\u011bni, proto\u017ee p\u0159i ob\u010derstven\u00ed \u0161la ochrana samoz\u0159ejm\u011b dol\u016f.Na leti\u0161ti ve Frankfurtu okam\u017eit\u011b skoro v\u0161ichni rou\u0161ky a respir\u00e1tory odlo\u017eili. Proto\u017ee mimo letadlo koronavirus asi ne\u0159\u00e1d\u00ed. N\u011bkte\u0159\u00ed se tu rozprchli, n\u011bkte\u0159\u00ed se \u0161li tla\u010dit zase n\u011bkam jinam. J\u00e1 konkr\u00e9tn\u011b do ku\u0159\u00e1rny a pak p\u0159ed opo\u017ed\u011bn\u00e9 letadlo do Johannesburgu. V\u00a0ku\u0159\u00e1rn\u011b jsme na sebe vese\u013ae chrchlali, u letadla se ma\u010dkali. A a\u017e p\u0159ed vstupem na palubu op\u011bt nasadili ochranu. Proto\u017ee to bylo op\u011bt letadlo Lufthansy a v\u00a0tom zase asi \u0159\u00e1dil koronavirus. A v\u00a0masce jsme odlet\u011bli a\u017e na druhou polokouli. Tedy nepo\u010d\u00edt\u00e1me-li dobu ve\u010de\u0159e a sn\u00eddan\u011b, kdy museli b\u00fdt pochopiteln\u011b zase v\u0161ichni \u201enaho\u0159e bez\u201c. A jakmile jsme dolet\u011bli, op\u011bt v\u0161ichni ochranu sundali. Proto\u017ee v\u00a0Ji\u017en\u00ed Africe u\u017e to zase neplat\u00ed, tam se zase maskovat net\u0159eba.A stejn\u011b prob\u011bhla i cesta zp\u011bt. Op\u011bt jsme se t\u00edsnili na leti\u0161t\u00edch a pak se maskovali pouze v\u00a0letadlech. Abychom byli ochr\u00e1n\u011bni. Hodn\u00e1 Lufthansa!Jen nev\u00edm, jestli to nepova\u017eovat sp\u00ed\u0161 za \u010dern\u00fd humor. Proto\u017ee jsem celou dobu p\u0159e\u010dkal bez \u00fahony. Jen mi tak zhruba vy\u0161lo, \u017ee jsem n\u011bkde cestou dom\u016f, nejsp\u00ed\u0161 v\u00a0letadle, kde jsem byl tak skv\u011ble chr\u00e1n\u011bn, chytil koronavirus.                                                                                                                                                                                                                                                                                                                                                                                        4.1\/5 - (11 votes)        "},{"@context":"https:\/\/schema.org\/","@type":"BreadcrumbList","itemListElement":[{"@type":"ListItem","position":1,"name":"Ochrana od Lufthansy","item":"https:\/\/www.konsigna.cz\/ochrana-od-lufthansy\/#breadcrumbitem"}]}]