[{"@context":"https:\/\/schema.org\/","@type":"Article","@id":"https:\/\/www.konsigna.cz\/jen-s-nami-budete-mit-byt-podle-vasich-predstav\/#Article","mainEntityOfPage":"https:\/\/www.konsigna.cz\/jen-s-nami-budete-mit-byt-podle-vasich-predstav\/","headline":"Jen s n\u00e1mi budete m\u00edt byt podle Va\u0161ich p\u0159edstav","name":"Jen s n\u00e1mi budete m\u00edt byt podle Va\u0161ich p\u0159edstav","description":"St\u011bhov\u00e1n\u00ed, p\u0159estavba, rekonstrukce nebo jen oby\u010dejn\u00e9 malov\u00e1n\u00ed bytov\u00fdch nebo kancel\u00e1\u0159sk\u00fdch prostor, b\u00fdvaj\u00ed v\u011bt\u0161inou spojeny i s nov\u00fdmi n\u00e1vrhy interi\u00e9r\u016f. Na\u0161e rodinn\u00e9 studio se t\u00e9to \u010dinnosti v\u011bnuje ji\u017e mnoho let, proto V\u00e1m m\u016f\u017eeme nab\u00eddnout na\u0161e komplexn\u00ed slu\u017eby v t\u00e9to oblasti. Nejenom byty, ale i firmy N\u00e1vrhy interi\u00e9r\u016f nejsou jen z\u00e1le\u017eitost\u00ed jednotliv\u00fdch pokoj\u016f obytn\u00fdch byt\u016f nebo dom\u016f,...","datePublished":"2025-04-23","dateModified":"2025-04-23","author":{"@type":"Person","@id":"https:\/\/www.konsigna.cz\/author\/#Person","name":"","url":"https:\/\/www.konsigna.cz\/author\/","identifier":1,"image":{"@type":"ImageObject","@id":"https:\/\/secure.gravatar.com\/avatar\/baa231f7e1963b29d6549eb0e137b049d877d4e97c51386f463c7d4fc98329bd?s=96&d=mm&r=g","url":"https:\/\/secure.gravatar.com\/avatar\/baa231f7e1963b29d6549eb0e137b049d877d4e97c51386f463c7d4fc98329bd?s=96&d=mm&r=g","height":96,"width":96}},"publisher":{"@type":"Organization","name":"konsigna.cz","logo":{"@type":"ImageObject","@id":"\/logo.png","url":"\/logo.png","width":600,"height":60}},"url":"https:\/\/www.konsigna.cz\/jen-s-nami-budete-mit-byt-podle-vasich-predstav\/","wordCount":174,"articleBody":"St\u011bhov\u00e1n\u00ed, p\u0159estavba, rekonstrukce nebo jen oby\u010dejn\u00e9 malov\u00e1n\u00ed bytov\u00fdch nebo kancel\u00e1\u0159sk\u00fdch prostor, b\u00fdvaj\u00ed v\u011bt\u0161inou spojeny i s nov\u00fdmi n\u00e1vrhy interi\u00e9r\u016f. Na\u0161e rodinn\u00e9 studio se t\u00e9to \u010dinnosti v\u011bnuje ji\u017e mnoho let, proto V\u00e1m m\u016f\u017eeme nab\u00eddnout na\u0161e komplexn\u00ed slu\u017eby v t\u00e9to oblasti.Nejenom byty, ale i firmyN\u00e1vrhy interi\u00e9r\u016f nejsou jen z\u00e1le\u017eitost\u00ed jednotliv\u00fdch pokoj\u016f obytn\u00fdch byt\u016f nebo dom\u016f, ale tak\u00e9 i kancel\u00e1\u0159\u00ed nebo podnikatelsk\u00fdch prostor, mezi kter\u00e9 se \u0159ad\u00ed nap\u0159\u00edklad pronaj\u00edman\u00e9 bytov\u00e9 apartm\u00e1ny. Jestli\u017ee pat\u0159\u00edte mezi majitele takov\u00fdchto vyjmenovan\u00fdch a uveden\u00fdch prostor, pak jist\u011b ocen\u00edte na\u0161e slu\u017eby. Jsme studiem, kter\u00e9 V\u00e1m poskytuje nejenom designov\u00e9 slu\u017eby na t\u00e9 nejvy\u0161\u0161\u00ed \u00farovni, kterou ocen\u00ed i ti nejn\u00e1ro\u010dn\u011bj\u0161\u00ed z\u00e1kazn\u00edci. S na\u0161\u00ed prac\u00ed se m\u016f\u017eete sezn\u00e1mit jak p\u0159\u00edmo u n\u00e1s, v na\u0161em studiu, tak i na na\u0161em webu.                                                                                                                                                                                                                                                                                                                                                                                                "},{"@context":"https:\/\/schema.org\/","@type":"BreadcrumbList","itemListElement":[{"@type":"ListItem","position":1,"name":"Jen s n\u00e1mi budete m\u00edt byt podle Va\u0161ich p\u0159edstav","item":"https:\/\/www.konsigna.cz\/jen-s-nami-budete-mit-byt-podle-vasich-predstav\/#breadcrumbitem"}]}]