[{"@context":"https:\/\/schema.org\/","@type":"Article","@id":"https:\/\/www.konsigna.cz\/jakou-barvu-posuvnych-dveri-volit-u-skrini-na-miru\/#Article","mainEntityOfPage":"https:\/\/www.konsigna.cz\/jakou-barvu-posuvnych-dveri-volit-u-skrini-na-miru\/","headline":"Jakou barvu posuvn\u00fdch dve\u0159\u00ed volit u sk\u0159\u00edn\u00ed na m\u00edru","name":"Jakou barvu posuvn\u00fdch dve\u0159\u00ed volit u sk\u0159\u00edn\u00ed na m\u00edru","description":"Vestav\u011bn\u00e9 sk\u0159\u00edn\u011b z Prahy b\u00fdvaj\u00ed dominantou obytn\u00e9ho prostoru, nebo\u0165 v n\u011bm zauj\u00edmaj\u00ed nep\u0159ehl\u00e9dnutelnou plochu. V podstat\u011b bychom mohli \u0159\u00edci, \u017ee tvo\u0159\u00ed celou obytnou st\u011bnu a nahrazuj\u00ed t\u00edm malbu na zdivu. Je tedy v\u00edce ne\u017e d\u016fle\u017eit\u00e9 zam\u011b\u0159it se na povrchovou strukturu posuvn\u00fdch dve\u0159\u00ed a vtisknout jim takovou podobu, aby zaujala pozornost a m\u011bli jsme z n\u00ed...","datePublished":"2024-10-06","dateModified":"2024-10-06","author":{"@type":"Person","@id":"https:\/\/www.konsigna.cz\/author\/#Person","name":"","url":"https:\/\/www.konsigna.cz\/author\/","identifier":1,"image":{"@type":"ImageObject","@id":"https:\/\/secure.gravatar.com\/avatar\/baa231f7e1963b29d6549eb0e137b049d877d4e97c51386f463c7d4fc98329bd?s=96&d=mm&r=g","url":"https:\/\/secure.gravatar.com\/avatar\/baa231f7e1963b29d6549eb0e137b049d877d4e97c51386f463c7d4fc98329bd?s=96&d=mm&r=g","height":96,"width":96}},"publisher":{"@type":"Organization","name":"konsigna.cz","logo":{"@type":"ImageObject","@id":"\/logo.png","url":"\/logo.png","width":600,"height":60}},"image":{"@type":"ImageObject","@id":"https:\/\/www.konsigna.cz\/wp-content\/uploads\/room-9011229_640_4.jpg","url":"https:\/\/www.konsigna.cz\/wp-content\/uploads\/room-9011229_640_4.jpg","height":0,"width":0},"url":"https:\/\/www.konsigna.cz\/jakou-barvu-posuvnych-dveri-volit-u-skrini-na-miru\/","about":["Podnik\u00e1n\u00ed"],"wordCount":404,"articleBody":"        Vestav\u011bn\u00e9 sk\u0159\u00edn\u011b z Prahy b\u00fdvaj\u00ed dominantou obytn\u00e9ho prostoru, nebo\u0165 v n\u011bm zauj\u00edmaj\u00ed nep\u0159ehl\u00e9dnutelnou plochu. V podstat\u011b bychom mohli \u0159\u00edci, \u017ee tvo\u0159\u00ed celou obytnou st\u011bnu a nahrazuj\u00ed t\u00edm malbu na zdivu. Je tedy v\u00edce ne\u017e d\u016fle\u017eit\u00e9 zam\u011b\u0159it se na povrchovou strukturu posuvn\u00fdch dve\u0159\u00ed a vtisknout jim takovou podobu, aby zaujala pozornost a m\u011bli jsme z n\u00ed minim\u00e1ln\u011b dobr\u00fd pocit. Dekor\u016f posuvn\u00fdch dve\u0159\u00ed se vyr\u00e1b\u00ed stovky, mo\u017en\u00e1 tis\u00edce typ\u016f, ov\u0161em to z\u00e1kladn\u00ed je v\u017edy o n\u011bjak\u00e9m barevn\u00e9m podkladu, a na z\u00e1klad\u011b barvy se pak rozhodujete o celkov\u00e9 koncepci tohoto n\u00e1bytku. Barva dve\u0159\u00ed i vnit\u0159n\u00edch segment\u016f je to, co tak\u00e9 budete m\u00edt \u0159adu let st\u00e1le na o\u010d\u00edch, a tak byste m\u011bli velmi pe\u010dliv\u011b zv\u00e1\u017eit, jak\u00e9mu barevn\u00e9mu odst\u00ednu d\u00e1te p\u0159ednost.Studen\u00e1 a tepl\u00e1 \u2013 barvy lze rozli\u0161ovat na z\u00e1klad\u011b n\u011bkolika krit\u00e9ri\u00ed, mezi nimi\u017e m\u00e1 d\u016fle\u017eit\u00e9 postaven\u00ed teplotn\u00ed vjem. Jinak na n\u00e1s p\u016fsob\u00ed tepl\u00e9 barvy \u010derven\u00e1, oran\u017eov\u00e1 a \u017elut\u00e1, a zcela odli\u0161n\u011b pak studen\u00e1 zelen\u00e1, modr\u00e1 a fialov\u00e1. Do chladn\u011bj\u0161\u00edch prostor s oknem na sever, bez p\u0159\u00edm\u00e9ho Slunce se v\u00edce hod\u00ed barvy tepl\u00e9, a do m\u00edstnost\u00ed s okny na jih a jihoz\u00e1pad sp\u00ed\u0161e u\u017eijete modrou \u010di sv\u011b\u017e\u00ed zelenou. Barvy a n\u00e1lada \u2013 \u010d\u00edm v\u00edce jsou barvy ponur\u00e9, t\u00edm v\u00edce n\u00e1s udr\u017euj\u00ed v nevesel\u00e9 a n\u011bkdy i depresivn\u00ed n\u00e1lad\u011b, pop\u0159em\u00fd\u0161lejte o tom a dejte barv\u00e1m \u0161anci v\u00e1s oslovit a rozveselit. Nejl\u00e9pe je to patrn\u00e9 na mal\u00fdch d\u011btech, kter\u00e9 si intuitivn\u011b vol\u00ed barvy vesel\u00e9 a hrav\u00e9, d\u011bti tak\u00e9 v\u011bt\u0161inou b\u00fdvaj\u00ed pozitivn\u011bji nalad\u011bn\u00e9, ne\u017e my dosp\u011bl\u00ed.Barvy a t\u011blesn\u00e9 org\u00e1ny \u2013 je zn\u00e1mo, \u017ee barvy maj\u00ed i l\u00e9\u010debn\u00fd vliv na na\u0161e t\u011blesn\u00e9 org\u00e1ny, nap\u0159\u00edklad oran\u017eov\u00e1 podporuje pr\u00e1ci tlust\u00e9ho st\u0159eva a pohlavn\u00edch org\u00e1n\u016f, \u017elut\u00e1 posiluje tr\u00e1vic\u00ed syst\u00e9m a pr\u00e1ci jater a ledvin, \u010derven\u00e1 nohy a chodidla, zelen\u00e1 srde\u010dn\u00ed \u010dinnost a modr\u00e1 s fialovou pak mozek a nervovou soustavu. D\u00edky tomu pak m\u016f\u017eete c\u00edlen\u011b p\u016fsobit na org\u00e1nov\u00fd syst\u00e9m.                                                                                                                                                                                                                                                                                                                                                                                           5\/5 - (2 votes)        "},{"@context":"https:\/\/schema.org\/","@type":"BreadcrumbList","itemListElement":[{"@type":"ListItem","position":1,"name":"Jakou barvu posuvn\u00fdch dve\u0159\u00ed volit u sk\u0159\u00edn\u00ed na m\u00edru","item":"https:\/\/www.konsigna.cz\/jakou-barvu-posuvnych-dveri-volit-u-skrini-na-miru\/#breadcrumbitem"}]}]