[{"@context":"https:\/\/schema.org\/","@type":"Article","@id":"https:\/\/www.konsigna.cz\/chorvatske-hory-i-more-to-je-kolorit-dovolene\/#Article","mainEntityOfPage":"https:\/\/www.konsigna.cz\/chorvatske-hory-i-more-to-je-kolorit-dovolene\/","headline":"Chorvatsk\u00e9 hory i mo\u0159e, to je kolorit dovolen\u00e9!","name":"Chorvatsk\u00e9 hory i mo\u0159e, to je kolorit dovolen\u00e9!","description":"Chorvatsko apartm\u00e1ny U\u017e jste n\u011bkdy byli v Chorvatsku nebo \u010cern\u00e9 Ho\u0159e? \u017de ne? M\u016f\u017eete to letos napravit. Vyberte si dovolenou u n\u00e1s. Nab\u00edz\u00edme v\u00e1m pobytu v severn\u00ed, st\u0159edn\u00ed a ji\u017en\u00ed Dalm\u00e1cii. Ubytov\u00e1n\u00ed je zaji\u0161t\u011bno v Chorvatsku v apartm\u00e1nech a soukrom\u00ed, v \u010cern\u00e9 Ho\u0159e v apartm\u00e1nech a penzi\u00f3nech. Budete se c\u00edtit jako doma, proto\u017ee m\u00edstn\u00edm lidem...","datePublished":"2025-03-08","dateModified":"2025-03-08","author":{"@type":"Person","@id":"https:\/\/www.konsigna.cz\/author\/#Person","name":"","url":"https:\/\/www.konsigna.cz\/author\/","identifier":1,"image":{"@type":"ImageObject","@id":"https:\/\/secure.gravatar.com\/avatar\/baa231f7e1963b29d6549eb0e137b049d877d4e97c51386f463c7d4fc98329bd?s=96&d=mm&r=g","url":"https:\/\/secure.gravatar.com\/avatar\/baa231f7e1963b29d6549eb0e137b049d877d4e97c51386f463c7d4fc98329bd?s=96&d=mm&r=g","height":96,"width":96}},"publisher":{"@type":"Organization","name":"konsigna.cz","logo":{"@type":"ImageObject","@id":"\/logo.png","url":"\/logo.png","width":600,"height":60}},"url":"https:\/\/www.konsigna.cz\/chorvatske-hory-i-more-to-je-kolorit-dovolene\/","wordCount":214,"articleBody":" Chorvatsko apartm\u00e1ny U\u017e jste n\u011bkdy byli v Chorvatsku nebo \u010cern\u00e9 Ho\u0159e? \u017de ne? M\u016f\u017eete to letos napravit. Vyberte si dovolenou u n\u00e1s. Nab\u00edz\u00edme v\u00e1m pobytu v severn\u00ed, st\u0159edn\u00ed a ji\u017en\u00ed Dalm\u00e1cii. Ubytov\u00e1n\u00ed je zaji\u0161t\u011bno v Chorvatsku v apartm\u00e1nech a soukrom\u00ed, v \u010cern\u00e9 Ho\u0159e v apartm\u00e1nech a penzi\u00f3nech. Budete se c\u00edtit jako doma, proto\u017ee m\u00edstn\u00edm lidem budete dob\u0159e rozum\u011bt. Chorvatsko apartm\u00e1ny je tady pro v\u00e1s. Chorvatsko apartm\u00e1ny M\u00e1me v nab\u00eddce pobyty u Chorvatsku a \u010cern\u00e9 Ho\u0159e u Jadersk\u00e9ho mo\u0159e. M\u00e1te mo\u017enost vybrat n\u011bkter\u00e9 z letovisek v severn\u00ed, st\u0159edn\u00ed a ji\u017en\u00ed Dalm\u00e1cii. V\u0161ude v\u00e1s r\u00e1di p\u0159iv\u00edtaj\u00ed. Budete se koupat v azurov\u011b modr\u00e9m a k\u0159i\u0161\u0165\u00e1lov\u011b \u010dist\u00e9m mo\u0159i. Pozn\u00e1te kr\u00e1sy Jadersk\u00e9ho pob\u0159e\u017e\u00ed. Sezn\u00e1m\u00edte se s histori\u00ed letovisek. Chorvatsko apartm\u00e1ny si zajist\u011bte u n\u00e1s. T\u011b\u0161\u00edme se na v\u00e1s. Slu\u017eby deleg\u00e1ta B\u011bhem cel\u00e9ho pobytu m\u016f\u017ee vyu\u017e\u00edt slu\u017eeb na\u0161eho deleg\u00e1ta. Chorvatsko apartm\u00e1ny je tady jen pro v\u00e1s. Ur\u010dit\u011b budete spokojeni.                                                                                                                                                                                                                                                                                                                                                                                                "},{"@context":"https:\/\/schema.org\/","@type":"BreadcrumbList","itemListElement":[{"@type":"ListItem","position":1,"name":"Chorvatsk\u00e9 hory i mo\u0159e, to je kolorit dovolen\u00e9!","item":"https:\/\/www.konsigna.cz\/chorvatske-hory-i-more-to-je-kolorit-dovolene\/#breadcrumbitem"}]}]